{"id":12189,"date":"2026-09-01T19:34:20","date_gmt":"2026-09-01T17:34:20","guid":{"rendered":"https:\/\/blog.seetal-chile.ch\/?p=12189"},"modified":"2026-09-01T19:34:21","modified_gmt":"2026-09-01T17:34:21","slug":"in-der-berufung-leben","status":"publish","type":"post","link":"https:\/\/blog.seetal-chile.ch\/en\/2026\/09\/01\/in-der-berufung-leben\/","title":{"rendered":"Living out one\u2019s calling"},"content":{"rendered":"<p class=\"wp-block-paragraph\"><strong>On the face of it, his career path seems clear: he sees the possibility of setting up his own business and taking over the workshop where he works. Yet, as part of a vocational coaching programme, an exciting journey begins. Together with his wife, they explore the question of what God has called them to do. In the process, they discover a desire to offer foster children a home and a sense of security for a while. This evening, A. &amp; F.W. will share their story. They will talk about how they have experienced God\u2019s guidance, the steps they have taken, and why their hearts are now so deeply committed to foster children.<\/strong><\/p>\n\n\n\n<p class=\"wp-block-paragraph\"><strong>A story about vocation, trust and the courage to follow God\u2019s path.<\/strong><\/p>\n\n\n\n<p class=\"wp-block-paragraph\">During the worship part, we will pray specifically for healing from illnesses and for all other intentions. We would be delighted if we could do this for you too! We will also give you the opportunity to share impressions inspired by the Spirit of God.<\/p>\n\n\n\n<p class=\"wp-block-paragraph\">Before the service, you can buy a delicious evening meal in our bistro and enjoy good company. For organisational reasons, we would be grateful if you could place your order at the counter between 18:00 and 18:30.<\/p>\n\n\n\n<p class=\"wp-block-paragraph\">After the service, the bistro is still open for drinks.<\/p>","protected":false},"excerpt":{"rendered":"<p>Eigentlich scheint der berufliche Weg klar: Er sieht die M\u00f6glichkeit, sich selbst\u00e4ndig zu machen und die Werkstatt zu \u00fcbernehmen, in der er arbeitet. Doch im Rahmen eines Berufungscoachings beginnt eine spannende Reise. Gemeinsam mit seiner Frau setzen sie sich mit der Frage auseinander, wozu Gott sie berufen hat. Dabei entdecken sie den Wunsch, Pflegekindern f\u00fcr&hellip;<\/p>","protected":false},"author":41,"featured_media":10532,"comment_status":"open","ping_status":"closed","sticky":false,"template":"","format":"standard","meta":{"_acf_changed":false,"footnotes":""},"categories":[6,9],"tags":[],"class_list":["post-12189","post","type-post","status-publish","format-standard","has-post-thumbnail","hentry","category-blog","category-vielfalt"],"acf":[],"_links":{"self":[{"href":"https:\/\/blog.seetal-chile.ch\/en\/wp-json\/wp\/v2\/posts\/12189","targetHints":{"allow":["GET"]}}],"collection":[{"href":"https:\/\/blog.seetal-chile.ch\/en\/wp-json\/wp\/v2\/posts"}],"about":[{"href":"https:\/\/blog.seetal-chile.ch\/en\/wp-json\/wp\/v2\/types\/post"}],"author":[{"embeddable":true,"href":"https:\/\/blog.seetal-chile.ch\/en\/wp-json\/wp\/v2\/users\/41"}],"replies":[{"embeddable":true,"href":"https:\/\/blog.seetal-chile.ch\/en\/wp-json\/wp\/v2\/comments?post=12189"}],"version-history":[{"count":4,"href":"https:\/\/blog.seetal-chile.ch\/en\/wp-json\/wp\/v2\/posts\/12189\/revisions"}],"predecessor-version":[{"id":12193,"href":"https:\/\/blog.seetal-chile.ch\/en\/wp-json\/wp\/v2\/posts\/12189\/revisions\/12193"}],"wp:featuredmedia":[{"embeddable":true,"href":"https:\/\/blog.seetal-chile.ch\/en\/wp-json\/wp\/v2\/media\/10532"}],"wp:attachment":[{"href":"https:\/\/blog.seetal-chile.ch\/en\/wp-json\/wp\/v2\/media?parent=12189"}],"wp:term":[{"taxonomy":"category","embeddable":true,"href":"https:\/\/blog.seetal-chile.ch\/en\/wp-json\/wp\/v2\/categories?post=12189"},{"taxonomy":"post_tag","embeddable":true,"href":"https:\/\/blog.seetal-chile.ch\/en\/wp-json\/wp\/v2\/tags?post=12189"}],"curies":[{"name":"wp","href":"https:\/\/api.w.org\/{rel}","templated":true}]}}