{"id":12196,"date":"2026-09-03T14:00:37","date_gmt":"2026-09-03T12:00:37","guid":{"rendered":"https:\/\/blog.seetal-chile.ch\/?p=12196"},"modified":"2026-09-03T14:00:37","modified_gmt":"2026-09-03T12:00:37","slug":"2gathering-paarchallenges","status":"publish","type":"post","link":"https:\/\/blog.seetal-chile.ch\/en\/2026\/09\/03\/2gathering-paarchallenges\/","title":{"rendered":"2Gathering \u2013 Couples\u2019 Challenges"},"content":{"rendered":"<p class=\"wp-block-paragraph\"><strong>Would you like to set yourselves a challenge as a couple, have some fun together and strengthen your partnership? Then the next 2-Gathering event is just the thing for you! \ud83d\ude09<\/strong><\/p>\n\n\n\n<p class=\"wp-block-paragraph\">\ud83d\udcc5 Friday, 11 September 2026<br>\ud83d\udd56 7.00 pm \u2013 Start<br>\ud83c\udfaf 8.30 pm \u2013 Couples\u2019 challenges<br>\ud83d\udccd seetal chile plenary session<\/p>\n\n\n\n<p class=\"wp-block-paragraph\">We\u2019ll start the evening by settling in at a leisurely pace and enjoying a delicious dinner.&nbsp;<\/p>\n\n\n\n<p class=\"wp-block-paragraph\">Then it\u2019s your turn: together, you\u2019ll get to tackle a variety of challenges that will put your teamwork, creativity and skills to the test \u2013 and, of course, there\u2019ll be plenty of fun to be had too!<\/p>\n\n\n\n<p class=\"wp-block-paragraph\">The evening starts at 7.00 pm. Of course, you\u2019re still very welcome to join us even if you can\u2019t make it until later.<\/p>\n\n\n\n<p class=\"wp-block-paragraph\">To help us plan and prepare the meal properly, we would be very grateful if you could let us know briefly whether you\u2019ll be joining us for the meal.<\/p>\n\n\n\n<p class=\"wp-block-paragraph\">We hope it will be an evening you\u2019ll remember for a long time to come, and we look forward to seeing you!<\/p>","protected":false},"excerpt":{"rendered":"<p>M\u00f6chtet ihr euch als Paar herausfordern lassen, gemeinsam Spass haben und eure Zusammenarbeit st\u00e4rken? Dann ist der n\u00e4chste 2-Gathering Event genau das Richtige f\u00fcr euch! \ud83d\ude09 \ud83d\udcc5 Freitag, 11. September 2026\ud83d\udd56 19:00 Uhr &#8211; Start\ud83c\udfaf 20:30 Uhr &#8211; Paarchallenges\ud83d\udccd Plenum der seetal chile Wir starten den Abend mit einem gem\u00fctlichen Ankommen und einem leckeren Abendessen.&nbsp;&hellip;<\/p>","protected":false},"author":73,"featured_media":11508,"comment_status":"open","ping_status":"closed","sticky":false,"template":"","format":"standard","meta":{"_acf_changed":false,"footnotes":""},"categories":[6,9],"tags":[],"class_list":["post-12196","post","type-post","status-publish","format-standard","has-post-thumbnail","hentry","category-blog","category-vielfalt"],"acf":[],"_links":{"self":[{"href":"https:\/\/blog.seetal-chile.ch\/en\/wp-json\/wp\/v2\/posts\/12196","targetHints":{"allow":["GET"]}}],"collection":[{"href":"https:\/\/blog.seetal-chile.ch\/en\/wp-json\/wp\/v2\/posts"}],"about":[{"href":"https:\/\/blog.seetal-chile.ch\/en\/wp-json\/wp\/v2\/types\/post"}],"author":[{"embeddable":true,"href":"https:\/\/blog.seetal-chile.ch\/en\/wp-json\/wp\/v2\/users\/73"}],"replies":[{"embeddable":true,"href":"https:\/\/blog.seetal-chile.ch\/en\/wp-json\/wp\/v2\/comments?post=12196"}],"version-history":[{"count":2,"href":"https:\/\/blog.seetal-chile.ch\/en\/wp-json\/wp\/v2\/posts\/12196\/revisions"}],"predecessor-version":[{"id":12198,"href":"https:\/\/blog.seetal-chile.ch\/en\/wp-json\/wp\/v2\/posts\/12196\/revisions\/12198"}],"wp:featuredmedia":[{"embeddable":true,"href":"https:\/\/blog.seetal-chile.ch\/en\/wp-json\/wp\/v2\/media\/11508"}],"wp:attachment":[{"href":"https:\/\/blog.seetal-chile.ch\/en\/wp-json\/wp\/v2\/media?parent=12196"}],"wp:term":[{"taxonomy":"category","embeddable":true,"href":"https:\/\/blog.seetal-chile.ch\/en\/wp-json\/wp\/v2\/categories?post=12196"},{"taxonomy":"post_tag","embeddable":true,"href":"https:\/\/blog.seetal-chile.ch\/en\/wp-json\/wp\/v2\/tags?post=12196"}],"curies":[{"name":"wp","href":"https:\/\/api.w.org\/{rel}","templated":true}]}}