{"id":11630,"date":"2026-04-28T10:40:54","date_gmt":"2026-04-28T08:40:54","guid":{"rendered":"https:\/\/blog.seetal-chile.ch\/?p=11630"},"modified":"2026-04-28T10:40:55","modified_gmt":"2026-04-28T08:40:55","slug":"herbstcamp-2026","status":"publish","type":"post","link":"https:\/\/blog.seetal-chile.ch\/fr\/2026\/04\/28\/herbstcamp-2026\/","title":{"rendered":"Camp d'automne 2026"},"content":{"rendered":"<p>Avant que l'hiver ne s'installe en Suisse, nous partons ensemble en tant que glow sur la Costa Dorada en M\u00e9diterran\u00e9e. Nous y passerons une semaine avec une bonne communaut\u00e9 et tout ce que ton c\u0153ur d\u00e9sire - du bain de soleil, du sport, de la baignade, des excursions ou simplement de la d\u00e9tente, il y en aura pour tous. En plus, il y a des temps de louange quotidiens avec des inputs passionnants.<\/p>\n\n\n\n<p>Le camp d'automne aura lieu du 25 septembre 2026 au 4 octobre 2026 \u00e0 l'Alannia Els Prats, pr\u00e8s de Cambrils. Nous vivrons dans des bungalows qui peuvent \u00eatre occup\u00e9s par deux \u00e0 cinq personnes.<\/p>\n\n\n\n<p>Le voyage est organis\u00e9 par Surprise Reisen. Nous aurons la demi-pension de notre propre cuisine de camp et de superbes possibilit\u00e9s de composer notre propre d\u00e9jeuner. De plus, nous pouvons utiliser la piscine gratuitement. La mer n'est pas loin et nous avons la possibilit\u00e9 d'explorer les environs \u00e0 pied et de d\u00e9couvrir Barcelone pour un petit suppl\u00e9ment. Nous pr\u00e9voyons \u00e9galement une excursion au parc d'attractions \u201cPort Aventura\u201d. <\/p>\n\n\n\n<h2 class=\"wp-block-heading\">Aper\u00e7u des infos<\/h2>\n\n\n\n<p><strong>Quand <\/strong>Du vendredi soir 25 septembre 2026 au dimanche matin 4 octobre 2026<br><strong>O\u00f9 <\/strong>Espagne, <a href=\"https:\/\/alanniaresorts.com\/de\/resorts\/alannia-els-prats\">Alannia Els Prats<\/a><br><strong>L'\u00e2ge : <\/strong>A partir de 16 ans<br><strong>Voyage : <\/strong>Organis\u00e9 par Surprise Voyages, avec un car.<br><strong>Bungalows :<\/strong> Tu peux choisir entre une occupation \u00e0 5, 4, 3 ou 2 personnes. Plus tu es nombreux dans un bungalow, plus le prix est avantageux pour toi. Si la r\u00e9partition des chambres ne le permet pas, nous nous r\u00e9servons le droit de choisir d'autres occupations. Nous sommes dans les bungalows de type \u201cIbiza\u201d. <a href=\"https:\/\/alanniaresorts.com\/de\/resorts\/alannia-els-prats\/bungalows\">Lien vers Bungalows<\/a><br><strong>Manger :<\/strong> Demi-pension et super possibilit\u00e9s sur le camping pour faire ses propres courses. <br><strong>Le prix :<\/strong> <br>&#8211; CHF 625.\u2013 f\u00fcr 5er Belegung<br>&#8211; CHF 645.\u2013 f\u00fcr 4er Belegung<br>&#8211; CHF 705.\u2013 f\u00fcr 3er Belegung<br>&#8211; CHF 805.\u2013 f\u00fcr 2er Belegung<\/p>\n\n\n\n<p><strong>La date limite d'inscription est le 30 juin 2026.<\/strong><\/p>\n\n\n\n<p>N'h\u00e9site pas \u00e0 me contacter si tu souhaites participer mais que les finances ne le permettent pas - nous trouverons certainement une solution.<\/p>","protected":false},"excerpt":{"rendered":"<p>Avant que l'hiver ne s'installe en Suisse, nous partons ensemble en tant que glow sur la Costa Dorada en M\u00e9diterran\u00e9e. Nous y passerons une semaine en bonne compagnie et avec tout ce que ton c\u0153ur d\u00e9sire - du bain de soleil, du sport, de la baignade, des excursions ou simplement de la d\u00e9tente, il y en aura pour tout le monde. En plus, il y a des temps de louange quotidiens avec des inputs passionnants....<\/p>","protected":false},"author":42,"featured_media":11646,"comment_status":"open","ping_status":"closed","sticky":false,"template":"","format":"standard","meta":{"_acf_changed":false,"footnotes":""},"categories":[6,9],"tags":[],"class_list":["post-11630","post","type-post","status-publish","format-standard","has-post-thumbnail","hentry","category-blog","category-vielfalt"],"acf":[],"_links":{"self":[{"href":"https:\/\/blog.seetal-chile.ch\/fr\/wp-json\/wp\/v2\/posts\/11630","targetHints":{"allow":["GET"]}}],"collection":[{"href":"https:\/\/blog.seetal-chile.ch\/fr\/wp-json\/wp\/v2\/posts"}],"about":[{"href":"https:\/\/blog.seetal-chile.ch\/fr\/wp-json\/wp\/v2\/types\/post"}],"author":[{"embeddable":true,"href":"https:\/\/blog.seetal-chile.ch\/fr\/wp-json\/wp\/v2\/users\/42"}],"replies":[{"embeddable":true,"href":"https:\/\/blog.seetal-chile.ch\/fr\/wp-json\/wp\/v2\/comments?post=11630"}],"version-history":[{"count":2,"href":"https:\/\/blog.seetal-chile.ch\/fr\/wp-json\/wp\/v2\/posts\/11630\/revisions"}],"predecessor-version":[{"id":11838,"href":"https:\/\/blog.seetal-chile.ch\/fr\/wp-json\/wp\/v2\/posts\/11630\/revisions\/11838"}],"wp:featuredmedia":[{"embeddable":true,"href":"https:\/\/blog.seetal-chile.ch\/fr\/wp-json\/wp\/v2\/media\/11646"}],"wp:attachment":[{"href":"https:\/\/blog.seetal-chile.ch\/fr\/wp-json\/wp\/v2\/media?parent=11630"}],"wp:term":[{"taxonomy":"category","embeddable":true,"href":"https:\/\/blog.seetal-chile.ch\/fr\/wp-json\/wp\/v2\/categories?post=11630"},{"taxonomy":"post_tag","embeddable":true,"href":"https:\/\/blog.seetal-chile.ch\/fr\/wp-json\/wp\/v2\/tags?post=11630"}],"curies":[{"name":"wp","href":"https:\/\/api.w.org\/{rel}","templated":true}]}}