{"id":11741,"date":"2026-04-01T13:36:38","date_gmt":"2026-04-01T11:36:38","guid":{"rendered":"https:\/\/blog.seetal-chile.ch\/?p=11741"},"modified":"2026-04-27T07:41:31","modified_gmt":"2026-04-27T05:41:31","slug":"glow-camp-2026-uf-und-devo","status":"publish","type":"post","link":"https:\/\/blog.seetal-chile.ch\/fr\/2026\/04\/01\/glow-camp-2026-uf-und-devo\/","title":{"rendered":"glow Camp 2026 - uf et devo"},"content":{"rendered":"<p>Pendant les vacances d'\u00e9t\u00e9, nous allons \u00abuf und devo\u00bb pendant une semaine ! Dans notre grand camp de toile, nous explorerons le monde et voyagerons dans diff\u00e9rents pays. Viens avec nous et vis l'aventure, le plaisir et la bonne communaut\u00e9. Tu es de la partie ?<\/p>\n\n\n\n<p>Infos importantes :<\/p>\n\n\n\n<ul class=\"wp-block-list\">\n<li>\u00c2ge : de la 2e \u00e0 la 6e ann\u00e9e<\/li>\n\n\n\n<li>Date : du dimanche 05 au samedi 11 juillet 2026<\/li>\n\n\n\n<li>Lieu : Unterkulm<\/li>\n\n\n\n<li>Co\u00fbt : 120 CHF par enfant et par semaine<\/li>\n\n\n\n<li>Date limite d'inscription : 22 juin 2026<\/li>\n<\/ul>\n\n\n\n<p>S'il ne t'est pas possible de payer la totalit\u00e9 du camp, n'h\u00e9site pas \u00e0 contacter le bureau de la seetal chile. <\/p>","protected":false},"excerpt":{"rendered":"<p>Pendant les vacances d'\u00e9t\u00e9, nous allons \u00abuf und devo\u00bb pendant une semaine ! Dans notre grand camp de toile, nous explorerons le monde et voyagerons dans diff\u00e9rents pays. Viens avec nous et vis l'aventure, le plaisir et la bonne communaut\u00e9. Tu es de la partie ? Infos importantes : Si tu n'as pas la possibilit\u00e9 de payer la totalit\u00e9 du camp, contacte volontiers le...<\/p>","protected":false},"author":42,"featured_media":11742,"comment_status":"open","ping_status":"closed","sticky":false,"template":"","format":"standard","meta":{"_acf_changed":false,"footnotes":""},"categories":[6,19,2,9],"tags":[],"class_list":["post-11741","post","type-post","status-publish","format-standard","has-post-thumbnail","hentry","category-blog","category-mail-banner","category-schaufenster","category-vielfalt"],"acf":[],"_links":{"self":[{"href":"https:\/\/blog.seetal-chile.ch\/fr\/wp-json\/wp\/v2\/posts\/11741","targetHints":{"allow":["GET"]}}],"collection":[{"href":"https:\/\/blog.seetal-chile.ch\/fr\/wp-json\/wp\/v2\/posts"}],"about":[{"href":"https:\/\/blog.seetal-chile.ch\/fr\/wp-json\/wp\/v2\/types\/post"}],"author":[{"embeddable":true,"href":"https:\/\/blog.seetal-chile.ch\/fr\/wp-json\/wp\/v2\/users\/42"}],"replies":[{"embeddable":true,"href":"https:\/\/blog.seetal-chile.ch\/fr\/wp-json\/wp\/v2\/comments?post=11741"}],"version-history":[{"count":2,"href":"https:\/\/blog.seetal-chile.ch\/fr\/wp-json\/wp\/v2\/posts\/11741\/revisions"}],"predecessor-version":[{"id":11759,"href":"https:\/\/blog.seetal-chile.ch\/fr\/wp-json\/wp\/v2\/posts\/11741\/revisions\/11759"}],"wp:featuredmedia":[{"embeddable":true,"href":"https:\/\/blog.seetal-chile.ch\/fr\/wp-json\/wp\/v2\/media\/11742"}],"wp:attachment":[{"href":"https:\/\/blog.seetal-chile.ch\/fr\/wp-json\/wp\/v2\/media?parent=11741"}],"wp:term":[{"taxonomy":"category","embeddable":true,"href":"https:\/\/blog.seetal-chile.ch\/fr\/wp-json\/wp\/v2\/categories?post=11741"},{"taxonomy":"post_tag","embeddable":true,"href":"https:\/\/blog.seetal-chile.ch\/fr\/wp-json\/wp\/v2\/tags?post=11741"}],"curies":[{"name":"wp","href":"https:\/\/api.w.org\/{rel}","templated":true}]}}