{"id":12062,"date":"2026-08-13T11:18:43","date_gmt":"2026-08-13T09:18:43","guid":{"rendered":"https:\/\/blog.seetal-chile.ch\/?p=12062"},"modified":"2026-08-13T11:18:44","modified_gmt":"2026-08-13T09:18:44","slug":"wintercamp-2026-27","status":"publish","type":"post","link":"https:\/\/blog.seetal-chile.ch\/fr\/2026\/08\/13\/wintercamp-2026-27\/","title":{"rendered":"Camp d'hiver 2026\/27"},"content":{"rendered":"<p class=\"wp-block-paragraph\">Cette ann\u00e9e encore, notre camp d'hiver t'invite \u00e0 vivre ensemble un moment inoubliable dans la neige ! Dans le vaste domaine skiable d'Arosa-Lenzerheide, 225 kilom\u00e8tres de pistes dam\u00e9es t'attendent, jusqu'\u00e0 2 865 m\u00e8tres d'altitude. Que tu fasses du ski, du snowboard ou aucun des deux, ce camp sera pour toi une exp\u00e9rience inoubliable ! Sous la devise \u2019 Chantier \u00ab, on va plonger ensemble dans une semaine pleine de fun, d\u2019aventures et de moments inoubliables. Rejoins-nous !<\/p>\n\n\n\n<p class=\"wp-block-paragraph\">Le camp d'hiver est un camp de sports de neige chr\u00e9tien pour tous les jeunes \u00e0 partir de la 7e ann\u00e9e et se d\u00e9roule sous J+S. Il s'agit d'un camp d'\u00e9t\u00e9 pour les jeunes de la r\u00e9gion.<\/p>\n\n\n\n<h2 class=\"wp-block-heading\">Cadre<\/h2>\n\n\n\n<p class=\"wp-block-paragraph\">Du dimanche 27 d\u00e9cembre 2026, vers 8 h 30, au samedi 2 janvier 2027, vers 14 h.<\/p>\n\n\n\n<p class=\"wp-block-paragraph\">La date limite d'inscription est fix\u00e9e au dimanche 13 d\u00e9cembre 2026. On te conseille de t'inscrire rapidement, car les places sont limit\u00e9es. Pour les inscriptions pass\u00e9es apr\u00e8s le 13 d\u00e9cembre, un suppl\u00e9ment de 50,00 CHF sera factur\u00e9. Tu ne peux t'inscrire que pour toute la semaine. Les s\u00e9jours \u00e0 temps partiel ne sont pas possibles.<\/p>\n\n\n\n<p class=\"wp-block-paragraph\">Pour participer, tu dois \u00eatre au moins en 5e et tu fais donc automatiquement partie d'un groupe sportif J+S encadr\u00e9. \u00c0 partir de 20 ans, tu es libre de descendre les pistes tout seul.<\/p>\n\n\n\n<p class=\"wp-block-paragraph\">Pense \u00e0 avoir ta carte d'assurance maladie \u00e0 port\u00e9e de main au moment de l'inscription. Si tu n'as pas encore 18 ans, une autorisation de tes parents sera demand\u00e9e. Pr\u00e9viens-les donc \u00e0 l'avance pour pouvoir t'inscrire.<\/p>\n\n\n\n<h2 class=\"wp-block-heading\">Zone<\/h2>\n\n\n\n<p class=\"wp-block-paragraph\">Lenzerheide convient \u00e0 tous les amateurs de sports de neige, du d\u00e9butant au pro. De plus, Lenzerheide offre un tr\u00e8s large \u00e9ventail de possibilit\u00e9s pour les carvers, les freeriders, les stylistes, les rois de la luge, etc.<\/p>\n\n\n\n<p class=\"wp-block-paragraph\">L'entrep\u00f4t s'appelle \"Tgantieni Sot - Maison avec du c\u0153ur\" et est accessible directement depuis la piste en ski ou en snowboard.<\/p>\n\n\n\n<p class=\"wp-block-paragraph\">Tu obtiendras plus d'informations sur Lenzerheide&nbsp;<a href=\"https:\/\/arosalenzerheide.swiss\/de\/Winter\/Skifahren-Snowboarden\/Schneesportgebiet\" target=\"_blank\" rel=\"noreferrer noopener\">ici<\/a>.<\/p>\n\n\n\n<h2 class=\"wp-block-heading\">Offres<\/h2>\n\n\n\n<p class=\"wp-block-paragraph\">Tu peux choisir parmi trois offres diff\u00e9rentes : Ski, snowboard et programme alternatif. Les groupes de ski et de snowboard sont dirig\u00e9s par un moniteur J+S et, en plus de t'amuser, tu apprendras \u00e0 mieux ma\u00eetriser ton \u00e9quipement sportif pendant cette semaine. Pour le ski et le snowboard, il y a trois groupes de niveau :&nbsp; <\/p>\n\n\n\n<p class=\"wp-block-paragraph\"><strong>D\u00e9butant<\/strong>Si tu n'as jamais fait de ski ou de snowboard ou si tu n'en as fait que quelques-uns, mais que tu aimerais apprendre \u00e0 en faire.&nbsp;<\/p>\n\n\n\n<p class=\"wp-block-paragraph\"><strong>Avanc\u00e9<\/strong>: Tu as d\u00e9j\u00e0 conduit au moins une semaine et tu peux conduire de mani\u00e8re autonome. Tu roules encore \u00e0 un rythme mod\u00e9r\u00e9.&nbsp;<\/p>\n\n\n\n<p class=\"wp-block-paragraph\"><strong>Experts<\/strong>: tu ma\u00eetrises tr\u00e8s bien ton engin de sport et tu peux skier sans probl\u00e8me sur des pistes raides. Ce groupe se d\u00e9place \u00e0 un rythme plut\u00f4t rapide.&nbsp;<\/p>\n\n\n\n<p class=\"wp-block-paragraph\">Les participants au <strong>Programme alternatif <\/strong>On va passer la semaine \u00e0 faire de la luge, \u00e0 s'amuser sur la patinoire artificielle, \u00e0 profiter du spa et bien plus encore. Alors si tu n'es pas un fan de ski, tu peux quand m\u00eame venir avec nous !<\/p>\n\n\n\n<h2 class=\"wp-block-heading\">Co\u00fbt<\/h2>\n\n\n\n<p class=\"wp-block-paragraph\">Ta participation d\u00e9pend de diff\u00e9rents facteurs. Tu le sauras une fois que tu auras cliqu\u00e9 sur \"Inscris-toi maintenant\" et que tu auras saisi tes informations personnelles.<\/p>\n\n\n\n<p class=\"wp-block-paragraph\">On a h\u00e2te de te rencontrer ! Si tu as des questions, n'h\u00e9site pas \u00e0 passer au bureau de la seetal chile.<\/p>","protected":false},"excerpt":{"rendered":"<p>Cette ann\u00e9e encore, notre camp d'hiver t'invite \u00e0 vivre ensemble des moments inoubliables dans la neige ! Dans le vaste domaine skiable d'Arosa-Lenzerheide, 225 kilom\u00e8tres de pistes dam\u00e9es t'attendent, jusqu'\u00e0 2 865 m\u00e8tres d'altitude. Que tu fasses du ski, du snowboard ou aucun des deux, ce camp sera pour toi une exp\u00e9rience inoubliable ! Sous la\u2026<\/p>","protected":false},"author":42,"featured_media":12115,"comment_status":"open","ping_status":"closed","sticky":false,"template":"","format":"standard","meta":{"_acf_changed":false,"footnotes":""},"categories":[6,9],"tags":[],"class_list":["post-12062","post","type-post","status-publish","format-standard","has-post-thumbnail","hentry","category-blog","category-vielfalt"],"acf":[],"_links":{"self":[{"href":"https:\/\/blog.seetal-chile.ch\/fr\/wp-json\/wp\/v2\/posts\/12062","targetHints":{"allow":["GET"]}}],"collection":[{"href":"https:\/\/blog.seetal-chile.ch\/fr\/wp-json\/wp\/v2\/posts"}],"about":[{"href":"https:\/\/blog.seetal-chile.ch\/fr\/wp-json\/wp\/v2\/types\/post"}],"author":[{"embeddable":true,"href":"https:\/\/blog.seetal-chile.ch\/fr\/wp-json\/wp\/v2\/users\/42"}],"replies":[{"embeddable":true,"href":"https:\/\/blog.seetal-chile.ch\/fr\/wp-json\/wp\/v2\/comments?post=12062"}],"version-history":[{"count":7,"href":"https:\/\/blog.seetal-chile.ch\/fr\/wp-json\/wp\/v2\/posts\/12062\/revisions"}],"predecessor-version":[{"id":12137,"href":"https:\/\/blog.seetal-chile.ch\/fr\/wp-json\/wp\/v2\/posts\/12062\/revisions\/12137"}],"wp:featuredmedia":[{"embeddable":true,"href":"https:\/\/blog.seetal-chile.ch\/fr\/wp-json\/wp\/v2\/media\/12115"}],"wp:attachment":[{"href":"https:\/\/blog.seetal-chile.ch\/fr\/wp-json\/wp\/v2\/media?parent=12062"}],"wp:term":[{"taxonomy":"category","embeddable":true,"href":"https:\/\/blog.seetal-chile.ch\/fr\/wp-json\/wp\/v2\/categories?post=12062"},{"taxonomy":"post_tag","embeddable":true,"href":"https:\/\/blog.seetal-chile.ch\/fr\/wp-json\/wp\/v2\/tags?post=12062"}],"curies":[{"name":"wp","href":"https:\/\/api.w.org\/{rel}","templated":true}]}}