{"id":12128,"date":"2026-08-13T08:21:51","date_gmt":"2026-08-13T06:21:51","guid":{"rendered":"https:\/\/blog.seetal-chile.ch\/?p=12128"},"modified":"2026-08-13T20:28:42","modified_gmt":"2026-08-13T18:28:42","slug":"2gathering-lets-grill-again%f0%9f%94%a5","status":"publish","type":"post","link":"https:\/\/blog.seetal-chile.ch\/fr\/2026\/08\/13\/2gathering-lets-grill-again%f0%9f%94%a5\/","title":{"rendered":"2Gathering \u2013 C'est reparti pour un barbecue \ud83d\udd25"},"content":{"rendered":"<p class=\"wp-block-paragraph\"><strong>Vendredi 28 ao\u00fbt 2026, on va terminer l'\u00e9t\u00e9 ensemble, en couple, autour d'un barbecue sympa.<\/strong><\/p>\n\n\n\n<p class=\"wp-block-paragraph\">La soir\u00e9e est volontairement organis\u00e9e dans une ambiance d\u00e9contract\u00e9e : on aura du temps pour passer un moment ensemble, \u00e9couter un intervention inspirante et danser. Et bien s\u00fbr, on va aussi se r\u00e9galer.<\/p>\n\n\n\n<p class=\"wp-block-paragraph\">On s'occupe des accompagnements et des boissons. Il vous suffit d'apporter ce que vous voulez faire griller.<\/p>\n\n\n\n<p class=\"wp-block-paragraph\">\ud83d\udcc5 Vendredi 28 ao\u00fbt 2026<br>\ud83d\udd56 D\u00e9but : 19 h<br>\ud83d\udccd Assembl\u00e9e g\u00e9n\u00e9rale de la seetal chile<\/p>\n\n\n\n<p class=\"wp-block-paragraph\">La soir\u00e9e commence \u00e0 19 h. Bien s\u00fbr, vous \u00eates aussi les bienvenus si vous ne pouvez arriver que plus tard.<\/p>\n\n\n\n<p class=\"wp-block-paragraph\">Pour qu'on puisse bien organiser et pr\u00e9parer le repas, on te serait tr\u00e8s reconnaissant de nous pr\u00e9venir rapidement si tu comptes venir.<\/p>\n\n\n\n<p class=\"wp-block-paragraph\">On a h\u00e2te de passer une soir\u00e9e d'\u00e9t\u00e9 sympa avec vous !<\/p>","protected":false},"excerpt":{"rendered":"<p>Vendredi 28 ao\u00fbt 2026, on va cl\u00f4turer l'\u00e9t\u00e9 ensemble, en couple, autour d'une soir\u00e9e barbecue sympa. La soir\u00e9e est volontairement con\u00e7ue dans une ambiance d\u00e9contract\u00e9e : du temps pour \u00eatre ensemble, un moment inspirant et la possibilit\u00e9 de danser. Bien s\u00fbr, on va aussi se r\u00e9galer. Les accompagnements et les boissons sont pr\u00e9vus. Il vous suffit d\u2019apporter votre\u2026<\/p>","protected":false},"author":73,"featured_media":11508,"comment_status":"open","ping_status":"closed","sticky":false,"template":"","format":"standard","meta":{"_acf_changed":false,"footnotes":""},"categories":[6,9],"tags":[],"class_list":["post-12128","post","type-post","status-publish","format-standard","has-post-thumbnail","hentry","category-blog","category-vielfalt"],"acf":[],"_links":{"self":[{"href":"https:\/\/blog.seetal-chile.ch\/fr\/wp-json\/wp\/v2\/posts\/12128","targetHints":{"allow":["GET"]}}],"collection":[{"href":"https:\/\/blog.seetal-chile.ch\/fr\/wp-json\/wp\/v2\/posts"}],"about":[{"href":"https:\/\/blog.seetal-chile.ch\/fr\/wp-json\/wp\/v2\/types\/post"}],"author":[{"embeddable":true,"href":"https:\/\/blog.seetal-chile.ch\/fr\/wp-json\/wp\/v2\/users\/73"}],"replies":[{"embeddable":true,"href":"https:\/\/blog.seetal-chile.ch\/fr\/wp-json\/wp\/v2\/comments?post=12128"}],"version-history":[{"count":4,"href":"https:\/\/blog.seetal-chile.ch\/fr\/wp-json\/wp\/v2\/posts\/12128\/revisions"}],"predecessor-version":[{"id":12138,"href":"https:\/\/blog.seetal-chile.ch\/fr\/wp-json\/wp\/v2\/posts\/12128\/revisions\/12138"}],"wp:featuredmedia":[{"embeddable":true,"href":"https:\/\/blog.seetal-chile.ch\/fr\/wp-json\/wp\/v2\/media\/11508"}],"wp:attachment":[{"href":"https:\/\/blog.seetal-chile.ch\/fr\/wp-json\/wp\/v2\/media?parent=12128"}],"wp:term":[{"taxonomy":"category","embeddable":true,"href":"https:\/\/blog.seetal-chile.ch\/fr\/wp-json\/wp\/v2\/categories?post=12128"},{"taxonomy":"post_tag","embeddable":true,"href":"https:\/\/blog.seetal-chile.ch\/fr\/wp-json\/wp\/v2\/tags?post=12128"}],"curies":[{"name":"wp","href":"https:\/\/api.w.org\/{rel}","templated":true}]}}