{"id":12189,"date":"2026-09-01T19:34:20","date_gmt":"2026-09-01T17:34:20","guid":{"rendered":"https:\/\/blog.seetal-chile.ch\/?p=12189"},"modified":"2026-09-01T19:34:21","modified_gmt":"2026-09-01T17:34:21","slug":"in-der-berufung-leben","status":"publish","type":"post","link":"https:\/\/blog.seetal-chile.ch\/fr\/2026\/09\/01\/in-der-berufung-leben\/","title":{"rendered":"Vivre sa vocation"},"content":{"rendered":"<p class=\"wp-block-paragraph\"><strong>En fait, son parcours pro semble tout trac\u00e9 : il envisage de se mettre \u00e0 son compte et de reprendre l'atelier o\u00f9 il bosse. Mais c'est dans le cadre d'un accompagnement vocationnel qu'un voyage passionnant commence. Avec sa femme, ils se penchent sur la question de savoir \u00e0 quoi Dieu les a appel\u00e9s. C\u2019est ainsi qu\u2019ils d\u00e9couvrent le d\u00e9sir d\u2019offrir aux enfants plac\u00e9s un foyer et un peu de s\u00e9curit\u00e9 pendant un certain temps. Ce soir-l\u00e0, A. et F.W. te racontent leur parcours. Ils expliquent comment ils ont ressenti la pr\u00e9sence de Dieu, quelles \u00e9tapes ils ont franchies et pourquoi leur c\u0153ur bat aujourd\u2019hui pour les enfants plac\u00e9s.<\/strong><\/p>\n\n\n\n<p class=\"wp-block-paragraph\"><strong>Une histoire qui parle de vocation, de confiance et du courage de suivre la voie de Dieu.<\/strong><\/p>\n\n\n\n<p class=\"wp-block-paragraph\">Pendant la partie de louange, nous prierons sp\u00e9cialement pour la gu\u00e9rison des maladies ainsi que pour toutes les autres demandes. Nous serions heureux de pouvoir le faire pour toi aussi ! Nous donnerons aussi la possibilit\u00e9 de partager les impressions inspir\u00e9es par l'Esprit de Dieu.<\/p>\n\n\n\n<p class=\"wp-block-paragraph\">Avant le service, tu peux acheter un d\u00e9licieux souper dans notre bistrot et manger en bonne compagnie. Pour des raisons d'organisation, nous te serions reconnaissants de passer ta commande au comptoir entre 18h00 et 18h30.<\/p>\n\n\n\n<p class=\"wp-block-paragraph\">Apr\u00e8s la messe, le bistrot sera encore ouvert pour les boissons.<\/p>","protected":false},"excerpt":{"rendered":"<p>En fait, son parcours pro semble tout trac\u00e9 : il envisage de se mettre \u00e0 son compte et de reprendre l'atelier o\u00f9 il bosse. Mais c'est dans le cadre d'un accompagnement \u00e0 la vocation qu'un voyage passionnant commence. Avec sa femme, ils se penchent sur la question de savoir \u00e0 quoi Dieu les a appel\u00e9s. C\u2019est ainsi qu\u2019ils d\u00e9couvrent leur envie d\u2019accueillir des enfants plac\u00e9s en famille d\u2019accueil pour\u2026<\/p>","protected":false},"author":41,"featured_media":10532,"comment_status":"open","ping_status":"closed","sticky":false,"template":"","format":"standard","meta":{"_acf_changed":false,"footnotes":""},"categories":[6,9],"tags":[],"class_list":["post-12189","post","type-post","status-publish","format-standard","has-post-thumbnail","hentry","category-blog","category-vielfalt"],"acf":[],"_links":{"self":[{"href":"https:\/\/blog.seetal-chile.ch\/fr\/wp-json\/wp\/v2\/posts\/12189","targetHints":{"allow":["GET"]}}],"collection":[{"href":"https:\/\/blog.seetal-chile.ch\/fr\/wp-json\/wp\/v2\/posts"}],"about":[{"href":"https:\/\/blog.seetal-chile.ch\/fr\/wp-json\/wp\/v2\/types\/post"}],"author":[{"embeddable":true,"href":"https:\/\/blog.seetal-chile.ch\/fr\/wp-json\/wp\/v2\/users\/41"}],"replies":[{"embeddable":true,"href":"https:\/\/blog.seetal-chile.ch\/fr\/wp-json\/wp\/v2\/comments?post=12189"}],"version-history":[{"count":4,"href":"https:\/\/blog.seetal-chile.ch\/fr\/wp-json\/wp\/v2\/posts\/12189\/revisions"}],"predecessor-version":[{"id":12193,"href":"https:\/\/blog.seetal-chile.ch\/fr\/wp-json\/wp\/v2\/posts\/12189\/revisions\/12193"}],"wp:featuredmedia":[{"embeddable":true,"href":"https:\/\/blog.seetal-chile.ch\/fr\/wp-json\/wp\/v2\/media\/10532"}],"wp:attachment":[{"href":"https:\/\/blog.seetal-chile.ch\/fr\/wp-json\/wp\/v2\/media?parent=12189"}],"wp:term":[{"taxonomy":"category","embeddable":true,"href":"https:\/\/blog.seetal-chile.ch\/fr\/wp-json\/wp\/v2\/categories?post=12189"},{"taxonomy":"post_tag","embeddable":true,"href":"https:\/\/blog.seetal-chile.ch\/fr\/wp-json\/wp\/v2\/tags?post=12189"}],"curies":[{"name":"wp","href":"https:\/\/api.w.org\/{rel}","templated":true}]}}