{"id":1243,"date":"2019-04-02T12:11:04","date_gmt":"2019-04-02T12:11:04","guid":{"rendered":"https:\/\/blog.seetal-chile.ch\/?p=1243"},"modified":"2019-05-21T16:05:29","modified_gmt":"2019-05-21T16:05:29","slug":"das-dekoteam-bittet-zu-tisch","status":"publish","type":"post","link":"https:\/\/blog.seetal-chile.ch\/fr\/2019\/04\/02\/das-dekoteam-bittet-zu-tisch\/","title":{"rendered":"L'\u00e9quipe de d\u00e9coration invite \u00e0 la table"},"content":{"rendered":"<p>Comment concevoir la d\u00e9coration en fonction du nouveau concept d'\u00e9clairage ? Quelles couleurs utiliser sur un fond noir ? Quelle importance doit avoir la d\u00e9coration ? Ces questions et bien d'autres encore, nous nous les sommes pos\u00e9es en tant qu'\u00e9quipe de d\u00e9coration lors de notre dernier atelier.<\/p>\n\n\n\n<p>Sous la direction experte de Verena Laufer, ma\u00eetre fleuriste et coloriste, nous avons cr\u00e9\u00e9 la nouvelle d\u00e9coration de sc\u00e8ne. Maintenant, on peut se mettre joyeusement \u00e0 table avec un sentiment de \"bienvenue \u00e0 la maison\".<\/p>\n\n\n\n<p>Toute l'\u00e9quipe de d\u00e9coration te remercie pour les bons retours - tr\u00e8s gratifiants et encourageants - MERCI.<\/p>","protected":false},"excerpt":{"rendered":"<p>Comment concevoir la d\u00e9coration en fonction du nouveau concept d'\u00e9clairage ? Quelles couleurs utiliser sur un fond noir ? Quelle importance doit avoir la d\u00e9coration ? L'\u00e9quipe de d\u00e9coration s'est pos\u00e9 ces questions et bien d'autres lors de notre dernier atelier. Sous la direction experte de Verena Laufer, ma\u00eetre fleuriste et coloriste, nous avons cr\u00e9\u00e9 la nouvelle d\u00e9coration de sc\u00e8ne....<\/p>","protected":false},"author":18,"featured_media":1248,"comment_status":"open","ping_status":"closed","sticky":false,"template":"","format":"standard","meta":{"_acf_changed":false,"footnotes":""},"categories":[6,10],"tags":[],"class_list":["post-1243","post","type-post","status-publish","format-standard","has-post-thumbnail","hentry","category-blog","category-gestalten"],"acf":[],"_links":{"self":[{"href":"https:\/\/blog.seetal-chile.ch\/fr\/wp-json\/wp\/v2\/posts\/1243","targetHints":{"allow":["GET"]}}],"collection":[{"href":"https:\/\/blog.seetal-chile.ch\/fr\/wp-json\/wp\/v2\/posts"}],"about":[{"href":"https:\/\/blog.seetal-chile.ch\/fr\/wp-json\/wp\/v2\/types\/post"}],"author":[{"embeddable":true,"href":"https:\/\/blog.seetal-chile.ch\/fr\/wp-json\/wp\/v2\/users\/18"}],"replies":[{"embeddable":true,"href":"https:\/\/blog.seetal-chile.ch\/fr\/wp-json\/wp\/v2\/comments?post=1243"}],"version-history":[{"count":0,"href":"https:\/\/blog.seetal-chile.ch\/fr\/wp-json\/wp\/v2\/posts\/1243\/revisions"}],"wp:featuredmedia":[{"embeddable":true,"href":"https:\/\/blog.seetal-chile.ch\/fr\/wp-json\/wp\/v2\/media\/1248"}],"wp:attachment":[{"href":"https:\/\/blog.seetal-chile.ch\/fr\/wp-json\/wp\/v2\/media?parent=1243"}],"wp:term":[{"taxonomy":"category","embeddable":true,"href":"https:\/\/blog.seetal-chile.ch\/fr\/wp-json\/wp\/v2\/categories?post=1243"},{"taxonomy":"post_tag","embeddable":true,"href":"https:\/\/blog.seetal-chile.ch\/fr\/wp-json\/wp\/v2\/tags?post=1243"}],"curies":[{"name":"wp","href":"https:\/\/api.w.org\/{rel}","templated":true}]}}