{"id":5777,"date":"2021-10-04T12:05:17","date_gmt":"2021-10-04T12:05:17","guid":{"rendered":"https:\/\/blog.seetal-chile.ch\/?p=5777"},"modified":"2021-10-28T04:55:26","modified_gmt":"2021-10-28T04:55:26","slug":"gebetswoche-pray21","status":"publish","type":"post","link":"https:\/\/blog.seetal-chile.ch\/fr\/2021\/10\/04\/gebetswoche-pray21\/","title":{"rendered":"Semaine de pri\u00e8re PRAY21"},"content":{"rendered":"<p>\"<em>Approchons-nous donc avec assurance du tr\u00f4ne de la gr\u00e2ce, afin d'obtenir la mis\u00e9ricorde et de trouver la gr\u00e2ce d'un secours opportun !<\/em>\" (H\u00e9breux 4:16).<\/p>\n\n\n\n<p><br>Cette ann\u00e9e encore, il est possible de venir prier devant Dieu dans une salle sp\u00e9cialement am\u00e9nag\u00e9e, loin de toute distraction. Nous participons \u00e0 nouveau \u00e0 l'initiative de pri\u00e8re PRAY, qui a pour objectif, dans toute la Suisse, de prier 24 heures sur 24 tout au long de l'ann\u00e9e.<br>Du 25 au 29 octobre aura lieu notre semaine de pri\u00e8re \u00e0 la maison des jeunes. Nous commencerons le lundi par un temps de louange, puis nous prierons jour et nuit pendant quatre jours. Ces temps de pri\u00e8re sont tr\u00e8s pr\u00e9cieux, car ils sont un temps de rencontre avec Dieu sans \u00eatre d\u00e9rang\u00e9. Sept postes de pri\u00e8re tr\u00e8s diff\u00e9rents avec des id\u00e9es de pri\u00e8re te soutiennent dans cette d\u00e9marche. Mais tu es aussi libre de venir simplement devant Dieu et de profiter de sa pr\u00e9sence !<\/p>\n\n\n\n<p>Tu peux t'inscrire pour une ou plusieurs heures dans le calendrier en ligne. ? Tu trouveras le lien vers ce calendrier dans le mail hebdomadaire 41 et 42.<\/p>\n\n\n\n<p><strong>Nous commencerons la semaine de pri\u00e8re le lundi 25 octobre 2021 \u00e0 20h00 avec un temps d'adoration.<\/strong> (sans certificat Covid). Tu es le bienvenu !<\/p>","protected":false},"excerpt":{"rendered":"<p>\"Approchons-nous donc avec assurance du tr\u00f4ne de la gr\u00e2ce, afin d'obtenir mis\u00e9ricorde et de trouver gr\u00e2ce pour un secours opportun\". (H\u00e9breux 4:16). Cette ann\u00e9e encore, il est possible de venir prier devant Dieu dans une salle sp\u00e9cialement am\u00e9nag\u00e9e, loin de toute distraction. Nous participons \u00e0 nouveau \u00e0 l'initiative de pri\u00e8re PRAY qui, dans toute la Suisse,...<\/p>","protected":false},"author":25,"featured_media":5804,"comment_status":"open","ping_status":"closed","sticky":false,"template":"","format":"standard","meta":{"_acf_changed":false,"footnotes":""},"categories":[6,10],"tags":[],"class_list":["post-5777","post","type-post","status-publish","format-standard","has-post-thumbnail","hentry","category-blog","category-gestalten"],"acf":[],"_links":{"self":[{"href":"https:\/\/blog.seetal-chile.ch\/fr\/wp-json\/wp\/v2\/posts\/5777","targetHints":{"allow":["GET"]}}],"collection":[{"href":"https:\/\/blog.seetal-chile.ch\/fr\/wp-json\/wp\/v2\/posts"}],"about":[{"href":"https:\/\/blog.seetal-chile.ch\/fr\/wp-json\/wp\/v2\/types\/post"}],"author":[{"embeddable":true,"href":"https:\/\/blog.seetal-chile.ch\/fr\/wp-json\/wp\/v2\/users\/25"}],"replies":[{"embeddable":true,"href":"https:\/\/blog.seetal-chile.ch\/fr\/wp-json\/wp\/v2\/comments?post=5777"}],"version-history":[{"count":0,"href":"https:\/\/blog.seetal-chile.ch\/fr\/wp-json\/wp\/v2\/posts\/5777\/revisions"}],"wp:featuredmedia":[{"embeddable":true,"href":"https:\/\/blog.seetal-chile.ch\/fr\/wp-json\/wp\/v2\/media\/5804"}],"wp:attachment":[{"href":"https:\/\/blog.seetal-chile.ch\/fr\/wp-json\/wp\/v2\/media?parent=5777"}],"wp:term":[{"taxonomy":"category","embeddable":true,"href":"https:\/\/blog.seetal-chile.ch\/fr\/wp-json\/wp\/v2\/categories?post=5777"},{"taxonomy":"post_tag","embeddable":true,"href":"https:\/\/blog.seetal-chile.ch\/fr\/wp-json\/wp\/v2\/tags?post=5777"}],"curies":[{"name":"wp","href":"https:\/\/api.w.org\/{rel}","templated":true}]}}