{"id":7346,"date":"2022-09-20T05:31:05","date_gmt":"2022-09-20T05:31:05","guid":{"rendered":"https:\/\/blog.seetal-chile.ch\/?p=7346"},"modified":"2022-10-28T09:31:25","modified_gmt":"2022-10-28T09:31:25","slug":"auszeit-mit-gott","status":"publish","type":"post","link":"https:\/\/blog.seetal-chile.ch\/fr\/2022\/09\/20\/auszeit-mit-gott\/","title":{"rendered":"Temps mort avec Dieu"},"content":{"rendered":"<p>C'est reparti : du 24 au 28 octobre aura lieu le pray22 ! Pendant quatre jours, la maison des jeunes priera 24 heures sur 24. Il y a d\u00e9sormais diff\u00e9rentes heures o\u00f9 l'on a la possibilit\u00e9 de prier ou de chanter ensemble :<\/p>\n\n\n\n<p>Lundi 24 octobre : 19:30-20:30 Temps d'adoration commun au centre<\/p>\n\n\n\n<p>Heures de pri\u00e8re communes : mar 9:00-10:00, mer 15:00-16:00, jeu 20:00-21:00 dans la salle de pri\u00e8re<\/p>\n\n\n\n<p>Chanter ensemble : Ve 19:00-20:00 dans la salle de pri\u00e8re<\/p>\n\n\n\n<p>Participe toi aussi et profite de l'occasion pour passer du temps avec Dieu sans \u00eatre d\u00e9rang\u00e9 ! \ud83d\ude0a<\/p>\n\n\n\n<p>Il y aura \u00e0 nouveau diff\u00e9rents postes de pri\u00e8re qui te donneront des impulsions pour la pri\u00e8re, mais tu peux aussi \u00eatre simple et profiter de la pr\u00e9sence de Dieu.<\/p>\n\n\n\n<p>Sur l'article du blog consacr\u00e9 \u00e0 ce th\u00e8me, tu peux r\u00e9server un temps de pri\u00e8re.<\/p>\n\n\n\n<p><a href=\"https:\/\/2022-43a.24-7prayer.ch\/\" target=\"_blank\" rel=\"noreferrer noopener\">Inscris-toi ici pour r\u00e9server le temps de pri\u00e8re pour toi (ne saisis que ton pr\u00e9nom ou tes initiales).<\/a>.<\/p>","protected":false},"excerpt":{"rendered":"<p>C'est reparti : du 24 au 28 octobre aura lieu le pray22 ! Pendant quatre jours, la maison des jeunes priera 24 heures sur 24. Il y a d\u00e9sormais diff\u00e9rentes heures pendant lesquelles tu as la possibilit\u00e9 de prier ou de chanter ensemble : Lundi 24 octobre : 19:30-20:30 temps d'adoration commun au centre Temps de pri\u00e8re commun : Ma 9:00-10:00, mer...<\/p>","protected":false},"author":25,"featured_media":7414,"comment_status":"open","ping_status":"closed","sticky":false,"template":"","format":"standard","meta":{"_acf_changed":false,"footnotes":""},"categories":[3,6,7],"tags":[],"class_list":["post-7346","post","type-post","status-publish","format-standard","has-post-thumbnail","hentry","category-allgemein","category-blog","category-herzschlag"],"acf":[],"_links":{"self":[{"href":"https:\/\/blog.seetal-chile.ch\/fr\/wp-json\/wp\/v2\/posts\/7346","targetHints":{"allow":["GET"]}}],"collection":[{"href":"https:\/\/blog.seetal-chile.ch\/fr\/wp-json\/wp\/v2\/posts"}],"about":[{"href":"https:\/\/blog.seetal-chile.ch\/fr\/wp-json\/wp\/v2\/types\/post"}],"author":[{"embeddable":true,"href":"https:\/\/blog.seetal-chile.ch\/fr\/wp-json\/wp\/v2\/users\/25"}],"replies":[{"embeddable":true,"href":"https:\/\/blog.seetal-chile.ch\/fr\/wp-json\/wp\/v2\/comments?post=7346"}],"version-history":[{"count":0,"href":"https:\/\/blog.seetal-chile.ch\/fr\/wp-json\/wp\/v2\/posts\/7346\/revisions"}],"wp:featuredmedia":[{"embeddable":true,"href":"https:\/\/blog.seetal-chile.ch\/fr\/wp-json\/wp\/v2\/media\/7414"}],"wp:attachment":[{"href":"https:\/\/blog.seetal-chile.ch\/fr\/wp-json\/wp\/v2\/media?parent=7346"}],"wp:term":[{"taxonomy":"category","embeddable":true,"href":"https:\/\/blog.seetal-chile.ch\/fr\/wp-json\/wp\/v2\/categories?post=7346"},{"taxonomy":"post_tag","embeddable":true,"href":"https:\/\/blog.seetal-chile.ch\/fr\/wp-json\/wp\/v2\/tags?post=7346"}],"curies":[{"name":"wp","href":"https:\/\/api.w.org\/{rel}","templated":true}]}}