{"id":11630,"date":"2026-04-28T10:40:54","date_gmt":"2026-04-28T08:40:54","guid":{"rendered":"https:\/\/blog.seetal-chile.ch\/?p=11630"},"modified":"2026-04-28T10:40:55","modified_gmt":"2026-04-28T08:40:55","slug":"herbstcamp-2026","status":"publish","type":"post","link":"https:\/\/blog.seetal-chile.ch\/it\/2026\/04\/28\/herbstcamp-2026\/","title":{"rendered":"Campo autunnale 2026"},"content":{"rendered":"<p>Prima dell'arrivo dell'inverno in Svizzera, viaggiamo insieme come un bagliore verso la Costa Dorada nel Mediterraneo. Trascorreremo una settimana in buona compagnia e faremo tutto ci\u00f2 che il tuo cuore desidera: prendere il sole, fare sport, nuotare, fare escursioni o semplicemente rilassarsi, ce n'\u00e8 per tutti i gusti. Ci saranno anche momenti di culto quotidiani con input entusiasmanti.<\/p>\n\n\n\n<p>Il campo autunnale si svolger\u00e0 dal 25 settembre 2026 al 4 ottobre 2026 presso l'Alannia Els Prats vicino a Cambrils. Alloggeremo in bungalow che possono essere occupati da due a cinque persone.<\/p>\n\n\n\n<p>Il viaggio \u00e8 organizzato da Surprise Reisen. Abbiamo la possibilit\u00e0 di usufruire della mezza pensione dalla cucina del nostro campo e di preparare il nostro pranzo. Possiamo anche utilizzare gratuitamente l'area della piscina. Il mare non \u00e8 lontano e abbiamo l'opportunit\u00e0 di esplorare la zona circostante a piedi, oltre a scoprire Barcellona con un piccolo supplemento. Stiamo anche pianificando un'escursione al parco avventura \u201cPort Aventura\u201d. <\/p>\n\n\n\n<h2 class=\"wp-block-heading\">Info a colpo d'occhio<\/h2>\n\n\n\n<p><strong>Quando: <\/strong>Da venerd\u00ec sera, 25 settembre 2026 a domenica mattina, 4 ottobre 2026<br><strong>Dove: <\/strong>Spagna, <a href=\"https:\/\/alanniaresorts.com\/de\/resorts\/alannia-els-prats\">Alannia Els Prats<\/a><br><strong>Et\u00e0: <\/strong>Da 16 anni<br><strong>Viaggio: <\/strong>Organizzato da Surprise Reisen, con un'auto.<br><strong>Bungalow:<\/strong> Puoi scegliere tra un'occupazione di 5, 4, 3 o 2 persone. Pi\u00f9 persone ci sono in un bungalow con te, pi\u00f9 \u00e8 conveniente per te. Se la disposizione delle camere non lo consente, ci riserviamo il diritto di scegliere altre occupazioni. I bungalow sono del tipo \u201cIbiza\u201d. <a href=\"https:\/\/alanniaresorts.com\/de\/resorts\/alannia-els-prats\/bungalows\">Link ai bungalow<\/a><br><strong>Cibo:<\/strong> Mezza pensione e grandi opportunit\u00e0 di fare acquisti in campeggio. <br><strong>Prezzo:<\/strong> <br>&#8211; CHF 625.\u2013 f\u00fcr 5er Belegung<br>&#8211; CHF 645.\u2013 f\u00fcr 4er Belegung<br>&#8211; CHF 705.\u2013 f\u00fcr 3er Belegung<br>&#8211; CHF 805.\u2013 f\u00fcr 2er Belegung<\/p>\n\n\n\n<p><strong>Il termine ultimo per la presentazione delle domande \u00e8 il 30 giugno 2026.<\/strong><\/p>\n\n\n\n<p>Se vuoi partecipare ma non hai abbastanza soldi, contattami: troveremo sicuramente una soluzione.<\/p>","protected":false},"excerpt":{"rendered":"<p>Prima dell'arrivo dell'inverno in Svizzera, viaggiamo insieme come un bagliore verso la Costa Dorada nel Mediterraneo. Trascorreremo una settimana in buona compagnia e faremo tutto ci\u00f2 che il tuo cuore desidera: prendere il sole, fare sport, nuotare, fare escursioni o semplicemente rilassarsi, ce n'\u00e8 per tutti i gusti. Ci saranno anche momenti di culto giornalieri con emozionanti input....<\/p>","protected":false},"author":42,"featured_media":11646,"comment_status":"open","ping_status":"closed","sticky":false,"template":"","format":"standard","meta":{"_acf_changed":false,"footnotes":""},"categories":[6,9],"tags":[],"class_list":["post-11630","post","type-post","status-publish","format-standard","has-post-thumbnail","hentry","category-blog","category-vielfalt"],"acf":[],"_links":{"self":[{"href":"https:\/\/blog.seetal-chile.ch\/it\/wp-json\/wp\/v2\/posts\/11630","targetHints":{"allow":["GET"]}}],"collection":[{"href":"https:\/\/blog.seetal-chile.ch\/it\/wp-json\/wp\/v2\/posts"}],"about":[{"href":"https:\/\/blog.seetal-chile.ch\/it\/wp-json\/wp\/v2\/types\/post"}],"author":[{"embeddable":true,"href":"https:\/\/blog.seetal-chile.ch\/it\/wp-json\/wp\/v2\/users\/42"}],"replies":[{"embeddable":true,"href":"https:\/\/blog.seetal-chile.ch\/it\/wp-json\/wp\/v2\/comments?post=11630"}],"version-history":[{"count":2,"href":"https:\/\/blog.seetal-chile.ch\/it\/wp-json\/wp\/v2\/posts\/11630\/revisions"}],"predecessor-version":[{"id":11838,"href":"https:\/\/blog.seetal-chile.ch\/it\/wp-json\/wp\/v2\/posts\/11630\/revisions\/11838"}],"wp:featuredmedia":[{"embeddable":true,"href":"https:\/\/blog.seetal-chile.ch\/it\/wp-json\/wp\/v2\/media\/11646"}],"wp:attachment":[{"href":"https:\/\/blog.seetal-chile.ch\/it\/wp-json\/wp\/v2\/media?parent=11630"}],"wp:term":[{"taxonomy":"category","embeddable":true,"href":"https:\/\/blog.seetal-chile.ch\/it\/wp-json\/wp\/v2\/categories?post=11630"},{"taxonomy":"post_tag","embeddable":true,"href":"https:\/\/blog.seetal-chile.ch\/it\/wp-json\/wp\/v2\/tags?post=11630"}],"curies":[{"name":"wp","href":"https:\/\/api.w.org\/{rel}","templated":true}]}}