{"id":12062,"date":"2026-08-13T11:18:43","date_gmt":"2026-08-13T09:18:43","guid":{"rendered":"https:\/\/blog.seetal-chile.ch\/?p=12062"},"modified":"2026-08-13T11:18:44","modified_gmt":"2026-08-13T09:18:44","slug":"wintercamp-2026-27","status":"publish","type":"post","link":"https:\/\/blog.seetal-chile.ch\/it\/2026\/08\/13\/wintercamp-2026-27\/","title":{"rendered":"Campo invernale 2026\/27"},"content":{"rendered":"<p class=\"wp-block-paragraph\">Anche quest\u2019anno il nostro campo invernale ti invita a vivere insieme un\u2019esperienza indimenticabile sulla neve! Nel vasto comprensorio sciistico di Arosa-Lenzerheide ti aspettano 225 chilometri di piste battute che arrivano fino a 2\u2019865 metri di altitudine. Che tu scii, faccia snowboard o nessuna delle due cose, questo campo sar\u00e0 per te un\u2019esperienza indimenticabile! All\u2019insegna del motto \u00abCantiere\u00bb, ci tufferemo insieme in una settimana piena di divertimento, avventura e momenti indimenticabili. Non mancare!<\/p>\n\n\n\n<p class=\"wp-block-paragraph\">Il campo invernale \u00e8 un campo di sport sulla neve cristiano per tutti i giovani dal 7\u00b0 anno in su ed \u00e8 organizzato da J+S.<\/p>\n\n\n\n<h2 class=\"wp-block-heading\">Telaio<\/h2>\n\n\n\n<p class=\"wp-block-paragraph\">Da domenica 27 dicembre 2026, alle 08:30 circa, a sabato 2 gennaio 2027, alle 14:00 circa.<\/p>\n\n\n\n<p class=\"wp-block-paragraph\">Il termine ultimo per le iscrizioni \u00e8 domenica 13 dicembre 2026. Ti consigliamo di iscriverti al pi\u00f9 presto, perch\u00e9 i posti sono limitati. Per le iscrizioni effettuate dopo il 13 dicembre verr\u00e0 applicato un supplemento di CHF 50.00. Puoi iscriverti solo per l\u2019intera settimana. Non sono possibili soggiorni parziali.<\/p>\n\n\n\n<p class=\"wp-block-paragraph\">Per partecipare, devi frequentare almeno la 7\u00aa classe e farai cos\u00ec automaticamente parte di un gruppo sportivo J+S con accompagnatore. A partire dai 20 anni, puoi andare sulle piste da solo.<\/p>\n\n\n\n<p class=\"wp-block-paragraph\">Quando ti registri, tieni a portata di mano la tua tessera sanitaria. Se non hai ancora compiuto 18 anni, ti verr\u00e0 richiesta una dichiarazione dei tuoi genitori. Informali in anticipo, cos\u00ec potrai completare la registrazione.<\/p>\n\n\n\n<h2 class=\"wp-block-heading\">Area<\/h2>\n\n\n\n<p class=\"wp-block-paragraph\">Lenzerheide \u00e8 adatta a tutti gli appassionati di sport sulla neve, dai principianti ai professionisti. Inoltre, Lenzerheide offre un'ampia gamma di possibilit\u00e0 per carver, freerider, stilisti, re dello slittino, ecc.<\/p>\n\n\n\n<p class=\"wp-block-paragraph\">Il campeggio si chiama \"Tgantieni Sot - Casa con il cuore\" e pu\u00f2 essere raggiunto direttamente dalla pista con gli sci o lo snowboard.<\/p>\n\n\n\n<p class=\"wp-block-paragraph\">Puoi scoprire di pi\u00f9 su Lenzerheide in&nbsp;<a href=\"https:\/\/arosalenzerheide.swiss\/de\/Winter\/Skifahren-Snowboarden\/Schneesportgebiet\" target=\"_blank\" rel=\"noreferrer noopener\">qui<\/a>.<\/p>\n\n\n\n<h2 class=\"wp-block-heading\">Offerte<\/h2>\n\n\n\n<p class=\"wp-block-paragraph\">Puoi scegliere tra tre diverse offerte: Sci, snowboard e programmi alternativi. I gruppi di sci e snowboard sono guidati da un istruttore J+S e, oltre a divertirti, durante questa settimana imparerai a controllare meglio la tua attrezzatura sportiva. Ci sono tre gruppi di livello per lo sci e lo snowboard:&nbsp; <\/p>\n\n\n\n<p class=\"wp-block-paragraph\"><strong>Principianti<\/strong>Se non hai mai sciato o fatto snowboard, o se lo fai solo occasionalmente, e vuoi imparare.&nbsp;<\/p>\n\n\n\n<p class=\"wp-block-paragraph\"><strong>Avanzato<\/strong>Vai a cavallo da almeno una settimana e sei in grado di guidare in modo indipendente. Stai ancora pedalando a un ritmo moderato.&nbsp;<\/p>\n\n\n\n<p class=\"wp-block-paragraph\"><strong>Esperti<\/strong>Controlli molto bene la tua attrezzatura e puoi sciare anche su pendii ripidi senza problemi. Questo gruppo viaggia a un ritmo piuttosto veloce.&nbsp;<\/p>\n\n\n\n<p class=\"wp-block-paragraph\">I partecipanti al <strong>Programma alternativo <\/strong>Trascorreremo la settimana tra slittini, divertimento sulla pista di pattinaggio artificiale, benessere e molto altro ancora. Quindi, se non sei un appassionato di sci, puoi comunque venire con noi!<\/p>\n\n\n\n<h2 class=\"wp-block-heading\">Costi<\/h2>\n\n\n\n<p class=\"wp-block-paragraph\">La quota di partecipazione dipende da vari fattori. Lo scoprirai quando avrai cliccato su \"Registrati ora!\" e avrai inserito i tuoi dati personali.<\/p>\n\n\n\n<p class=\"wp-block-paragraph\">Non vediamo l'ora di conoscerti! Se hai domande, non esitare a contattare l'ufficio della seetal chile.<\/p>","protected":false},"excerpt":{"rendered":"<p>Anche quest\u2019anno il nostro campo invernale ti invita a vivere insieme un\u2019esperienza indimenticabile sulla neve! Nel vasto comprensorio sciistico di Arosa-Lenzerheide ti aspettano 225 chilometri di piste battute che arrivano fino a 2\u2019865 metri di altitudine. Che tu vada con gli sci, con lo snowboard o non pratichi nessuno dei due, questo campo sar\u00e0 per te un\u2019esperienza indimenticabile! Sotto il\u2026<\/p>","protected":false},"author":42,"featured_media":12115,"comment_status":"open","ping_status":"closed","sticky":false,"template":"","format":"standard","meta":{"_acf_changed":false,"footnotes":""},"categories":[6,9],"tags":[],"class_list":["post-12062","post","type-post","status-publish","format-standard","has-post-thumbnail","hentry","category-blog","category-vielfalt"],"acf":[],"_links":{"self":[{"href":"https:\/\/blog.seetal-chile.ch\/it\/wp-json\/wp\/v2\/posts\/12062","targetHints":{"allow":["GET"]}}],"collection":[{"href":"https:\/\/blog.seetal-chile.ch\/it\/wp-json\/wp\/v2\/posts"}],"about":[{"href":"https:\/\/blog.seetal-chile.ch\/it\/wp-json\/wp\/v2\/types\/post"}],"author":[{"embeddable":true,"href":"https:\/\/blog.seetal-chile.ch\/it\/wp-json\/wp\/v2\/users\/42"}],"replies":[{"embeddable":true,"href":"https:\/\/blog.seetal-chile.ch\/it\/wp-json\/wp\/v2\/comments?post=12062"}],"version-history":[{"count":7,"href":"https:\/\/blog.seetal-chile.ch\/it\/wp-json\/wp\/v2\/posts\/12062\/revisions"}],"predecessor-version":[{"id":12137,"href":"https:\/\/blog.seetal-chile.ch\/it\/wp-json\/wp\/v2\/posts\/12062\/revisions\/12137"}],"wp:featuredmedia":[{"embeddable":true,"href":"https:\/\/blog.seetal-chile.ch\/it\/wp-json\/wp\/v2\/media\/12115"}],"wp:attachment":[{"href":"https:\/\/blog.seetal-chile.ch\/it\/wp-json\/wp\/v2\/media?parent=12062"}],"wp:term":[{"taxonomy":"category","embeddable":true,"href":"https:\/\/blog.seetal-chile.ch\/it\/wp-json\/wp\/v2\/categories?post=12062"},{"taxonomy":"post_tag","embeddable":true,"href":"https:\/\/blog.seetal-chile.ch\/it\/wp-json\/wp\/v2\/tags?post=12062"}],"curies":[{"name":"wp","href":"https:\/\/api.w.org\/{rel}","templated":true}]}}