{"id":12196,"date":"2026-09-03T14:00:37","date_gmt":"2026-09-03T12:00:37","guid":{"rendered":"https:\/\/blog.seetal-chile.ch\/?p=12196"},"modified":"2026-09-03T14:00:37","modified_gmt":"2026-09-03T12:00:37","slug":"2gathering-paarchallenges","status":"publish","type":"post","link":"https:\/\/blog.seetal-chile.ch\/it\/2026\/09\/03\/2gathering-paarchallenges\/","title":{"rendered":"2Gathering \u2013 Sfide di coppia"},"content":{"rendered":"<p class=\"wp-block-paragraph\"><strong>M\u00f6chtet ihr euch als Paar herausfordern lassen, gemeinsam Spass haben und eure Zusammenarbeit st\u00e4rken? Dann ist der n\u00e4chste 2-Gathering Event genau das Richtige f\u00fcr euch! \ud83d\ude09<\/strong><\/p>\n\n\n\n<p class=\"wp-block-paragraph\">\ud83d\udcc5 Freitag, 11. September 2026<br>\ud83d\udd56 19:00 Uhr &#8211; Start<br>\ud83c\udfaf 20:30 Uhr &#8211; Paarchallenges<br>\ud83d\udccd Assemblea generale del seetal chile<\/p>\n\n\n\n<p class=\"wp-block-paragraph\">Wir starten den Abend mit einem gem\u00fctlichen Ankommen und einem leckeren Abendessen.&nbsp;<\/p>\n\n\n\n<p class=\"wp-block-paragraph\">Anschliessend seid ihr an der Reihe: Gemeinsam d\u00fcrft ihr euch verschiedenen abwechslungsreichen Challenges stellen, bei denen eure Zusammenarbeit, Kreativit\u00e4t und Geschicklichkeit auf die Probe gestellt werden \u2013 und nat\u00fcrlich soll dabei auch der Spass nicht zu kurz kommen!<\/p>\n\n\n\n<p class=\"wp-block-paragraph\">La serata inizia alle 19:00. Ovviamente siete i benvenuti anche se potete arrivare pi\u00f9 tardi.<\/p>\n\n\n\n<p class=\"wp-block-paragraph\">Per poter organizzare e preparare al meglio il pranzo, ti saremmo molto grati se ci facessi sapere se verrai.<\/p>\n\n\n\n<p class=\"wp-block-paragraph\">Wir hoffen auf einen Abend, der euch noch lange in Erinnerung bleiben wird, und freuen uns auf euch!<\/p>","protected":false},"excerpt":{"rendered":"<p>M\u00f6chtet ihr euch als Paar herausfordern lassen, gemeinsam Spass haben und eure Zusammenarbeit st\u00e4rken? Dann ist der n\u00e4chste 2-Gathering Event genau das Richtige f\u00fcr euch! \ud83d\ude09 \ud83d\udcc5 Freitag, 11. September 2026\ud83d\udd56 19:00 Uhr &#8211; Start\ud83c\udfaf 20:30 Uhr &#8211; Paarchallenges\ud83d\udccd Plenum der seetal chile Wir starten den Abend mit einem gem\u00fctlichen Ankommen und einem leckeren Abendessen.&nbsp;&hellip;<\/p>","protected":false},"author":73,"featured_media":11508,"comment_status":"open","ping_status":"closed","sticky":false,"template":"","format":"standard","meta":{"_acf_changed":false,"footnotes":""},"categories":[6,9],"tags":[],"class_list":["post-12196","post","type-post","status-publish","format-standard","has-post-thumbnail","hentry","category-blog","category-vielfalt"],"acf":[],"_links":{"self":[{"href":"https:\/\/blog.seetal-chile.ch\/it\/wp-json\/wp\/v2\/posts\/12196","targetHints":{"allow":["GET"]}}],"collection":[{"href":"https:\/\/blog.seetal-chile.ch\/it\/wp-json\/wp\/v2\/posts"}],"about":[{"href":"https:\/\/blog.seetal-chile.ch\/it\/wp-json\/wp\/v2\/types\/post"}],"author":[{"embeddable":true,"href":"https:\/\/blog.seetal-chile.ch\/it\/wp-json\/wp\/v2\/users\/73"}],"replies":[{"embeddable":true,"href":"https:\/\/blog.seetal-chile.ch\/it\/wp-json\/wp\/v2\/comments?post=12196"}],"version-history":[{"count":2,"href":"https:\/\/blog.seetal-chile.ch\/it\/wp-json\/wp\/v2\/posts\/12196\/revisions"}],"predecessor-version":[{"id":12198,"href":"https:\/\/blog.seetal-chile.ch\/it\/wp-json\/wp\/v2\/posts\/12196\/revisions\/12198"}],"wp:featuredmedia":[{"embeddable":true,"href":"https:\/\/blog.seetal-chile.ch\/it\/wp-json\/wp\/v2\/media\/11508"}],"wp:attachment":[{"href":"https:\/\/blog.seetal-chile.ch\/it\/wp-json\/wp\/v2\/media?parent=12196"}],"wp:term":[{"taxonomy":"category","embeddable":true,"href":"https:\/\/blog.seetal-chile.ch\/it\/wp-json\/wp\/v2\/categories?post=12196"},{"taxonomy":"post_tag","embeddable":true,"href":"https:\/\/blog.seetal-chile.ch\/it\/wp-json\/wp\/v2\/tags?post=12196"}],"curies":[{"name":"wp","href":"https:\/\/api.w.org\/{rel}","templated":true}]}}