{"id":2866,"date":"2019-12-10T10:20:35","date_gmt":"2019-12-10T10:20:35","guid":{"rendered":"https:\/\/blog.seetal-chile.ch\/?p=2866"},"modified":"2019-12-10T10:22:10","modified_gmt":"2019-12-10T10:22:10","slug":"lobpreis-im-advent","status":"publish","type":"post","link":"https:\/\/blog.seetal-chile.ch\/it\/2019\/12\/10\/lobpreis-im-advent\/","title":{"rendered":"Il culto in Avvento"},"content":{"rendered":"<p>Il nostro ultimo servizio delle 19 di domenica si \u00e8 svolto in una forma leggermente diversa dal solito: Abbiamo trasformato il bistrot in un salotto e abbiamo celebrato insieme una grande serata di culto. \u00c8 stato incredibilmente bello vedere come tutto risplendeva nel salotto e che bella atmosfera c'era. La nostra band delle 19h ci ha portato in un'ora di adorazione ispirata. Grazie a tutti coloro che hanno reso possibile questa serata!<\/p>\n\n\n\n<p>E stasera continuiamo con un momento di culto: l'\"Abent\u00fc\u00fcr Geb\u00e4t\". Ci auguriamo che ti unisca a noi nella preghiera anche questa sera.<\/p>","protected":false},"excerpt":{"rendered":"<p>Il nostro ultimo servizio delle 19 di domenica si \u00e8 svolto in una forma leggermente diversa dal solito: Abbiamo trasformato il bistrot in un salotto e abbiamo celebrato insieme una grande serata di culto. \u00c8 stato incredibilmente bello vedere come tutto risplendeva nel salotto e che bella atmosfera c'era. La nostra band delle 19h ci ha accompagnato per un'ora buona in un...<\/p>","protected":false},"author":7,"featured_media":2870,"comment_status":"open","ping_status":"closed","sticky":false,"template":"","format":"standard","meta":{"_acf_changed":false,"footnotes":""},"categories":[6,9],"tags":[],"class_list":["post-2866","post","type-post","status-publish","format-standard","has-post-thumbnail","hentry","category-blog","category-vielfalt"],"acf":[],"_links":{"self":[{"href":"https:\/\/blog.seetal-chile.ch\/it\/wp-json\/wp\/v2\/posts\/2866","targetHints":{"allow":["GET"]}}],"collection":[{"href":"https:\/\/blog.seetal-chile.ch\/it\/wp-json\/wp\/v2\/posts"}],"about":[{"href":"https:\/\/blog.seetal-chile.ch\/it\/wp-json\/wp\/v2\/types\/post"}],"author":[{"embeddable":true,"href":"https:\/\/blog.seetal-chile.ch\/it\/wp-json\/wp\/v2\/users\/7"}],"replies":[{"embeddable":true,"href":"https:\/\/blog.seetal-chile.ch\/it\/wp-json\/wp\/v2\/comments?post=2866"}],"version-history":[{"count":0,"href":"https:\/\/blog.seetal-chile.ch\/it\/wp-json\/wp\/v2\/posts\/2866\/revisions"}],"wp:featuredmedia":[{"embeddable":true,"href":"https:\/\/blog.seetal-chile.ch\/it\/wp-json\/wp\/v2\/media\/2870"}],"wp:attachment":[{"href":"https:\/\/blog.seetal-chile.ch\/it\/wp-json\/wp\/v2\/media?parent=2866"}],"wp:term":[{"taxonomy":"category","embeddable":true,"href":"https:\/\/blog.seetal-chile.ch\/it\/wp-json\/wp\/v2\/categories?post=2866"},{"taxonomy":"post_tag","embeddable":true,"href":"https:\/\/blog.seetal-chile.ch\/it\/wp-json\/wp\/v2\/tags?post=2866"}],"curies":[{"name":"wp","href":"https:\/\/api.w.org\/{rel}","templated":true}]}}